[{"@context":"https:\/\/schema.org\/","@type":"Article","@id":"https:\/\/czechmademan.cz\/krasne-je-to-co-je-ocima-neviditelne\/#Article","mainEntityOfPage":"https:\/\/czechmademan.cz\/krasne-je-to-co-je-ocima-neviditelne\/","headline":"Kr\u00e1sn\u00e9 je to co je o\u010dima neviditeln\u00e9","name":"Kr\u00e1sn\u00e9 je to co je o\u010dima neviditeln\u00e9","description":"Co je podle v\u00e1s kr\u00e1sa? Vzhled nebo n\u011bco co se v\u00e1m l\u00edb\u00ed? Slovo kr\u00e1sa m\u00e1 n\u011bkolik v\u00fdznam\u016f. Ale tak\u00e9 m\u00e1me naopak slovo o\u0161klivost. Kr\u00e1sa znamen\u00e1, kdy\u017e n\u011bkoho potk\u00e1te a l\u00edb\u00ed se v\u00e1m, tak to znamen\u00e1, \u017ee je kr\u00e1sn\u00fd. Pro\u010d v\u00a0dne\u0161n\u00ed dob\u011b je tak d\u016fle\u017eit\u00e1 ta kr\u00e1sa? Pro\u010d? Je to \u0161\u00edlen\u00fd, ale dnes se ka\u017ed\u00fd druh\u00fd...","datePublished":"2021-11-26","dateModified":"2021-11-26","author":{"@type":"Person","@id":"https:\/\/czechmademan.cz\/author\/#Person","name":"","url":"https:\/\/czechmademan.cz\/author\/","identifier":1,"image":{"@type":"ImageObject","@id":"https:\/\/secure.gravatar.com\/avatar\/c065076eb86551fdb70725c8063acf1b60a8edaed14ed654228c4cba13121c83?s=96&d=mm&r=g","url":"https:\/\/secure.gravatar.com\/avatar\/c065076eb86551fdb70725c8063acf1b60a8edaed14ed654228c4cba13121c83?s=96&d=mm&r=g","height":96,"width":96}},"publisher":{"@type":"Organization","name":"czechmademan.cz","logo":{"@type":"ImageObject","@id":"\/logo.png","url":"\/logo.png","width":600,"height":60}},"image":{"@type":"ImageObject","@id":"https:\/\/czechmademan.cz\/wp-content\/uploads\/roses-g2967fb13a_1920.jpg","url":"https:\/\/czechmademan.cz\/wp-content\/uploads\/roses-g2967fb13a_1920.jpg","height":0,"width":0},"url":"https:\/\/czechmademan.cz\/krasne-je-to-co-je-ocima-neviditelne\/","about":["Kr\u00e1sa"],"wordCount":487,"articleBody":"Co je podle v\u00e1s kr\u00e1sa? Vzhled nebo n\u011bco co se v\u00e1m l\u00edb\u00ed? Slovo kr\u00e1sa m\u00e1 n\u011bkolik v\u00fdznam\u016f. Ale tak\u00e9 m\u00e1me naopak slovo o\u0161klivost. Kr\u00e1sa znamen\u00e1, kdy\u017e n\u011bkoho potk\u00e1te a l\u00edb\u00ed se v\u00e1m, tak to znamen\u00e1, \u017ee je kr\u00e1sn\u00fd. Pro\u010d v\u00a0dne\u0161n\u00ed dob\u011b je tak d\u016fle\u017eit\u00e1 ta kr\u00e1sa? Pro\u010d? Je to \u0161\u00edlen\u00fd, ale dnes se ka\u017ed\u00fd druh\u00fd \u010dlov\u011bk vysm\u00edv\u00e1 n\u011bkomu, \u017ee nen\u00ed kr\u00e1sn\u00fd, \u017ee m\u00e1 vr\u00e1sky, akn\u00e9, k\u0159iv\u00e9 zuby. V\u011b\u0159te mi, \u017ee kr\u00e1sa je i to, \u017ee m\u00e1te k\u0159iv\u00e9 zuby, br\u00fdle, vlasy dohola, nem\u00e1te obo\u010d\u00ed anebo tak\u00e9 k\u0159ivky, p\u00e1r kilo na v\u00edc. St\u00e1le jsme v\u0161ichni kr\u00e1sn\u00fd. Ano, m\u016f\u017ee se to zd\u00e1t n\u011bkomu nechutn\u00e9, ale tak to v\u00a0\u017eivot\u011b chod\u00ed. Prost\u011b my v\u00a0na\u0161em \u017eivot\u011b a v\u00a0t\u00e9to dob\u011b je t\u011b\u017ek\u00e9 \u0159\u00edct co je kr\u00e1sa, proto\u017ee ka\u017ed\u00fd \u010dlov\u011bk na to m\u00e1 jin\u00fd odli\u0161n\u00fd n\u00e1zor. M\u00e1m tak\u00e9 n\u011bkdy obdob\u00ed, \u017ee se sob\u011b nel\u00edb\u00edm, ale v\u00edm, \u017ee i kdy\u017e nejsem moment\u00e1ln\u011b kr\u00e1sn\u00e1 zven\u010d\u00ed, tak jsem kr\u00e1sn\u00e1 uvnit\u0159, a to v\u00a0m\u00e9m srdci. V\u00edm, \u017ee jsem kr\u00e1sn\u00e1 a tak\u00e9 v\u00edm, \u017ee jsi kr\u00e1sn\u00fd(\u00e1) i ty. V\u00a0\u017eivot\u011b to nikdy nebude jako v\u00a0poh\u00e1dce, mysl\u00edme si, \u017ee ano, ale nen\u00ed tomu tak. \u00a0Nejsme v\u00a0poh\u00e1dce, ale jsme v\u00a0re\u00e1lnem \u017eivot\u011b, kde je to krut\u00e9 a t\u011b\u017ek\u00e9. Ale n\u011bco ti pov\u00edm, kr\u00e1sa je ve v\u0161ech z\u00a0n\u00e1s. Takhle to vid\u00edm j\u00e1. M\u00e1m kamar\u00e1da Olivera a v\u00ed\u0161 co mi p\u0159ijde na n\u011bm kr\u00e1sn\u00e9? Humor. V\u017edy, kdy\u017e mi je smutno on jedin\u00fd mi um\u00ed vykouzlit \u00fasm\u011bv na tv\u00e1\u0159\u00ed. Anebo m\u00e1m kamar\u00e1dku Lily a co je na n\u00ed kr\u00e1sn\u00e9? Jej\u00ed o\u010di, m\u00e1 je kr\u00e1sn\u011b \u010dist\u011b hn\u011bd\u00e9, ale hlavn\u011b z\u00e1\u0159iv\u00e9, proto\u017ee m\u00e1 radost ze \u017eivota. A co je kr\u00e1sn\u00e9 na m\u011b? Mysl\u00edm si, \u017ee srdce. \u0158\u00edk\u00e1 mi to spoustu lid\u00ed, co zn\u00e1m. Mo\u017en\u00e1 to nen\u00ed pravda, ale n\u011bkde hluboko uvnit\u0159 c\u00edt\u00edm, \u017ee to tak je. Kr\u00e1sn\u00fd jsi ty, j\u00e1, on, ona, my, vy, oni, anebo tak\u00e9 m\u016f\u017ee b\u00fdt kr\u00e1sn\u00e1 p\u0159\u00edroda anebo tak\u00e9 v\u011bc. M\u016f\u017ee b\u00fdt kr\u00e1sn\u00e9 triko, svetr, a i to m\u016f\u017ee b\u00fdt kr\u00e1sn\u00e9. Proto\u017ee v\u0161e na tomto sv\u011bt\u011b je kr\u00e1sn\u00e9. Kr\u00e1sn\u00e9 je to co je o\u010dima neviditeln\u00e9. Kr\u00e1sa se nevid\u00ed jenom o\u010dima, ale taky srdcem. Tak jak vid\u00edme, ta i c\u00edt\u00edme. I slep\u00ed lid\u00e9 c\u00edt\u00ed a vid\u00ed co je kr\u00e1sn\u00e9. Nevid\u00ed zrakem, ale vid\u00ed srdcem.                                                                                                                                                                                                                                                                                                                                                                                                 "},{"@context":"https:\/\/schema.org\/","@type":"BreadcrumbList","itemListElement":[{"@type":"ListItem","position":1,"name":"Kr\u00e1sn\u00e9 je to co je o\u010dima neviditeln\u00e9","item":"https:\/\/czechmademan.cz\/krasne-je-to-co-je-ocima-neviditelne\/#breadcrumbitem"}]}]