[{"@context":"https:\/\/schema.org\/","@type":"Article","@id":"https:\/\/czechmademan.cz\/v-perinach\/#Article","mainEntityOfPage":"https:\/\/czechmademan.cz\/v-perinach\/","headline":"V perin\u00e1ch","name":"V perin\u00e1ch","description":"A\u017e teraz, ke\u010f m\u00e1m b\u00e1b\u00e4tko vid\u00edm, ako ve\u013emi je sp\u00e1nok d\u00f4le\u017eit\u00fd. Poci\u0165ujem naozaj ve\u013ek\u00fd sp\u00e1nkov\u00fd deficit. Nikdy som nemala tak potrhan\u00e9 spanie a sn\u00edvanie ako teraz. Niekedy si hovor\u00edm, \u017ee to vst\u00e1vanie nieko\u013ekokr\u00e1t za noc ma sn\u00e1\u010f zabije, ale ned\u00e1 sa ni\u010d robi\u0165. Kedysi som bola tie\u017e mali\u010dk\u00e1 a moja mami\u010dka to mala \u00faplne rovnako...","datePublished":"2025-03-08","dateModified":"2025-03-08","author":{"@type":"Person","@id":"https:\/\/czechmademan.cz\/author\/#Person","name":"","url":"https:\/\/czechmademan.cz\/author\/","identifier":1,"image":{"@type":"ImageObject","@id":"https:\/\/secure.gravatar.com\/avatar\/c065076eb86551fdb70725c8063acf1b60a8edaed14ed654228c4cba13121c83?s=96&d=mm&r=g","url":"https:\/\/secure.gravatar.com\/avatar\/c065076eb86551fdb70725c8063acf1b60a8edaed14ed654228c4cba13121c83?s=96&d=mm&r=g","height":96,"width":96}},"publisher":{"@type":"Organization","name":"czechmademan.cz","logo":{"@type":"ImageObject","@id":"\/logo.png","url":"\/logo.png","width":600,"height":60}},"url":"https:\/\/czechmademan.cz\/v-perinach\/","wordCount":251,"articleBody":" A\u017e teraz, ke\u010f m\u00e1m b\u00e1b\u00e4tko vid\u00edm, ako ve\u013emi je sp\u00e1nok d\u00f4le\u017eit\u00fd. Poci\u0165ujem naozaj ve\u013ek\u00fd sp\u00e1nkov\u00fd deficit. Nikdy som nemala tak potrhan\u00e9 spanie a sn\u00edvanie ako teraz. Niekedy si hovor\u00edm, \u017ee to vst\u00e1vanie nieko\u013ekokr\u00e1t za noc ma sn\u00e1\u010f zabije, ale ned\u00e1 sa ni\u010d robi\u0165. Kedysi som bola tie\u017e mali\u010dk\u00e1 a moja mami\u010dka to mala \u00faplne rovnako ako tis\u00edce in\u00fdch matiek. St\u00e1le sa ute\u0161ujem, \u017ee sa to sn\u00e1\u010f za p\u00e1r mesiacov zmen\u00ed. Spinkajte, moji mali\u010dk\u00ed Pre mojich chlap\u010dekov m\u00e1m miesto postie\u013eky in\u00e9 mieste\u010dko pre spanie. Nespia so mnou v posteli ale ani v detskej postie\u013eke. V izbi\u010dke stoj\u00ed kr\u00e1sna koliska pre oboch, kde ich m\u00f4\u017eem hojda\u0165 a spieva\u0165 im usp\u00e1vanky. M\u00e1m ve\u013emi rada chv\u00edle, kedy sa m\u00f4\u017eem na moje zlat\u00ed\u010dka neru\u0161ene pozera\u0165 a prem\u00fd\u0161\u013ea\u0165, \u010do sa im asi kr\u00e1sneho zd\u00e1. S\u00fa e\u0161te tak krehk\u00ed a nevinn\u00ed. Nevedia ni\u010d o svete, t\u00fa\u017eia len po maminej teplej n\u00e1ru\u010di. A ja ich chcem chr\u00e1ni\u0165 predo v\u0161etk\u00fdm, \u010do by im mohlo ubl\u00ed\u017ei\u0165. Chcem im pom\u00e1ha\u0165 objavova\u0165 svet a odpoveda\u0165 na ich v\u0161ete\u010dn\u00e9 ot\u00e1zky, ktor\u00e9 ur\u010dite pr\u00eddu, a\u017e bud\u00fa v\u00e4\u010d\u0161\u00ed. Potom im budem \u010d\u00edta\u0165 rozpr\u00e1vky a budeme sa spolu hra\u0165 doma aj vonku. A otecko sa s nimi bude \u0161anti\u0165 na ihrisku.                                                                                                                                                                                                                                                                                                                                                                                                "},{"@context":"https:\/\/schema.org\/","@type":"BreadcrumbList","itemListElement":[{"@type":"ListItem","position":1,"name":"V perin\u00e1ch","item":"https:\/\/czechmademan.cz\/v-perinach\/#breadcrumbitem"}]}]